{"id":2648,"date":"2025-04-13T13:56:38","date_gmt":"2025-04-13T11:56:38","guid":{"rendered":"https:\/\/audrey-paras.fr\/?p=2648"},"modified":"2025-05-30T10:46:32","modified_gmt":"2025-05-30T08:46:32","slug":"sortir-du-stress-un-geste-a-la-fois","status":"publish","type":"post","link":"https:\/\/audrey-paras.fr\/2025\/04\/13\/sortir-du-stress-un-geste-a-la-fois\/","title":{"rendered":"Sortir du stress, un geste \u00e0 la fois"},"content":{"rendered":"\t\t<div data-elementor-type=\"wp-post\" data-elementor-id=\"2648\" class=\"elementor elementor-2648\" data-elementor-post-type=\"post\">\n\t\t\t\t\t\t<section class=\"elementor-section elementor-top-section elementor-element elementor-element-5a5f070b elementor-section-boxed elementor-section-height-default elementor-section-height-default wpr-particle-no wpr-jarallax-no wpr-parallax-no wpr-sticky-section-no wpr-equal-height-no\" data-id=\"5a5f070b\" data-element_type=\"section\" data-e-type=\"section\">\n\t\t\t\t\t\t<div class=\"elementor-container elementor-column-gap-default\">\n\t\t\t\t\t<div class=\"elementor-column elementor-col-100 elementor-top-column elementor-element elementor-element-2d79a6ee\" data-id=\"2d79a6ee\" data-element_type=\"column\" data-e-type=\"column\">\n\t\t\t<div class=\"elementor-widget-wrap elementor-element-populated\">\n\t\t\t\t\t\t<div class=\"elementor-element elementor-element-29d25b0 elementor-widget elementor-widget-text-editor\" data-id=\"29d25b0\" data-element_type=\"widget\" data-e-type=\"widget\" data-widget_type=\"text-editor.default\">\n\t\t\t\t<div class=\"elementor-widget-container\">\n\t\t\t\t\t\t\t\t\t<h2 style=\"text-align: center;\"><span lang=\"EN-US\">Sortir du stress, un geste \u00e0 la fois<\/span><\/h2><p><span>Quand le stress s\u2019installe, on finit par ne plus voir la vie qu\u2019en noir et blanc. Tout devient m\u00e9canique, oppressant, sans pause. Et dans cette course sans fin, on oublie qu\u2019on a le droit de ralentir, de respirer, et d&rsquo;exister autrement.<\/span><\/p><p><span>Cet article ne cherche pas \u00e0 culpabiliser. Il ne vous dira pas de devenir zen ou parfait. Il vous propose simplement des gestes doux, simples, accessibles \u2014 pour interrompre le cycle du stress, m\u00eame bri\u00e8vement. Des gestes pour vous rappeler que le calme est encore l\u00e0, en vous. Que votre corps n\u2019est pas cass\u00e9. Qu\u2019il a juste besoin d\u2019un peu d\u2019aide pour retrouver le chemin du repos.<\/span><\/p><p><span>\ud83c\udf00 Un souffle. Un geste. Un peu de mouvement. Et peut-\u00eatre que les couleurs reviendront. Un peu. Puis beaucoup.<\/span><\/p><p><\/p><h2 style=\"text-align: center;\"><span lang=\"EN-US\">Quand le stress prend le dessus<o:p><\/o:p><\/span><\/h2><p><span>Quand on est stress\u00e9, ce n\u2019est pas \u00ab\u00a0dans la t\u00eate\u00a0\u00bb. C\u2019est dans tout le corps.<\/span><\/p><p>Le syst\u00e8me nerveux passe en mode sympathique : c\u2019est le mode \u201curgence\u201d du corps. Sans que vous le d\u00e9cidiez, il d\u00e9clenche automatiquement :<br \/>&#8211; un rythme cardiaque qui s\u2019emballe<br \/>&#8211; une hypervigilance<br \/>&#8211; des muscles qui se contractent<br \/>&#8211; une respiration courte et bloqu\u00e9e<br \/>&#8211; une digestion ralentie<\/p><p>Ce mode est utile\u2026 en cas de danger. Mais quand il reste activ\u00e9 en continu, il \u00e9puise tout : le corps, l\u2019\u00e9nergie, l\u2019\u00e9quilibre \u00e9motionnel.<\/p><p><\/p><h2 style=\"text-align: center;\"><span lang=\"EN-US\">Le calme aussi est un r\u00e9flexe<o:p><\/o:p><\/span><\/h2><p><span>Le calme, lui aussi, est un r\u00e9flexe du corps. C\u2019est le r\u00f4le du syst\u00e8me parasympathique.<\/span><\/p><p>C\u2019est lui qui :<br \/>&#8211; ralentit le c\u0153ur<br \/>&#8211; rel\u00e2che les tensions<br \/>&#8211; stimule la digestion<br \/>&#8211; invite \u00e0 respirer plus profond\u00e9ment<br \/>&#8211; apaise le mental<\/p><p>Il nous remet dans un \u00e9tat de s\u00e9curit\u00e9 int\u00e9rieure. Celui o\u00f9 l\u2019on peut se r\u00e9g\u00e9n\u00e9rer, se reposer, et retrouver de la clart\u00e9.<\/p><p>Mais ce r\u00e9flexe naturel, on l\u2019a perdu \u00e0 force de vivre sous tension. La bonne nouvelle ? On peut r\u00e9apprendre \u00e0 l\u2019activer, en douceur.<\/p><p><\/p><h2 style=\"text-align: center;\"><span lang=\"EN-US\">6 gestes simples pour activer le calme int\u00e9rieur<o:p><\/o:p><\/span><\/h2><h3><span>1. Main sur la poitrine, main sur le ventre<\/span><\/h3><p><img fetchpriority=\"high\" decoding=\"async\" src=\"https:\/\/audrey-paras.fr\/wp-content\/uploads\/2025\/04\/Screenshot-2025-04-13-134345-209x300.png\" alt=\"\" width=\"209\" height=\"300\" class=\"aligncenter wp-image-2649 size-medium\" srcset=\"https:\/\/audrey-paras.fr\/wp-content\/uploads\/2025\/04\/Screenshot-2025-04-13-134345-209x300.png 209w, https:\/\/audrey-paras.fr\/wp-content\/uploads\/2025\/04\/Screenshot-2025-04-13-134345.png 250w\" sizes=\"(max-width: 209px) 100vw, 209px\" \/><\/p><p><span>Fermez les yeux. Posez une main sur la poitrine, l\u2019autre sur le ventre. Inspirez par le nez : sentez l\u2019air remplir d\u2019abord la poitrine, puis descendre dans le ventre. Expirez doucement, dans l\u2019autre sens.<\/span><\/p><p>\u27a1\ufe0f Cette respiration calme le rythme cardiaque, stimule le nerf vague et active le parasympathique. En quelques cycles, le corps re\u00e7oit un message de s\u00e9curit\u00e9.<\/p><p><\/p><h3><span lang=\"EN-US\">2. S\u2019\u00e9tirer lentement<\/span><\/h3><h3><span lang=\"EN-US\"><img decoding=\"async\" src=\"https:\/\/audrey-paras.fr\/wp-content\/uploads\/2025\/04\/image-300x292.png\" alt=\"\" width=\"223\" height=\"217\" class=\"alignnone wp-image-2650 aligncenter\" srcset=\"https:\/\/audrey-paras.fr\/wp-content\/uploads\/2025\/04\/image-300x292.png 300w, https:\/\/audrey-paras.fr\/wp-content\/uploads\/2025\/04\/image.png 535w\" sizes=\"(max-width: 223px) 100vw, 223px\" \/><o:p><\/o:p><\/span><\/h3><p><span>Un seul muscle ou tout le corps : l\u2019important, c\u2019est la lenteur et la conscience. \u00c9tirez la nuque, le dos, les bras\u2026 sans forcer.<\/span><\/p><p>\u27a1\ufe0f L\u2019\u00e9tirement fait chuter le taux de cortisol, l\u2019hormone du stress. Il relance la circulation, lib\u00e8re les tensions et redonne de l\u2019espace dans le corps.<\/p><h3><span lang=\"EN-US\">3. Boire un ve<\/span><span lang=\"EN-US\">rre d\u2019eau<o:p><\/o:p><\/span><\/h3><p><img decoding=\"async\" src=\"https:\/\/audrey-paras.fr\/wp-content\/uploads\/2025\/04\/image1-208x300.png\" alt=\"\" width=\"142\" height=\"205\" class=\"wp-image-2651 aligncenter\" srcset=\"https:\/\/audrey-paras.fr\/wp-content\/uploads\/2025\/04\/image1-208x300.png 208w, https:\/\/audrey-paras.fr\/wp-content\/uploads\/2025\/04\/image1.png 338w\" sizes=\"(max-width: 142px) 100vw, 142px\" \/><\/p><p><span>La d\u00e9shydratation, m\u00eame l\u00e9g\u00e8re, est per\u00e7ue par le cerveau comme un danger. Cela augmente l\u2019activit\u00e9 du syst\u00e8me sympathique et cr\u00e9e une tension sourde.<\/span><\/p><p>\u27a1\ufe0f Boire de l\u2019eau r\u00e9hydrate les tissus, refroidit le cerveau, et signale au syst\u00e8me nerveux que tout va bien. Un geste simple, mais puissant.<\/p><h3><span>4. Marcher 30 minutes<\/span><\/h3><p><img loading=\"lazy\" decoding=\"async\" src=\"https:\/\/audrey-paras.fr\/wp-content\/uploads\/2025\/04\/image3-300x222.png\" alt=\"\" width=\"207\" height=\"153\" class=\"wp-image-2652 aligncenter\" srcset=\"https:\/\/audrey-paras.fr\/wp-content\/uploads\/2025\/04\/image3-300x222.png 300w, https:\/\/audrey-paras.fr\/wp-content\/uploads\/2025\/04\/image3.png 674w\" sizes=\"(max-width: 207px) 100vw, 207px\" \/><\/p><p><span>La marche douce lib\u00e8re des endorphines et de la s\u00e9rotonine : des hormones naturellement apaisantes. Pas besoin de performance, juste de r\u00e9gularit\u00e9.<\/span><\/p><p>\u27a1\ufe0f Marcher r\u00e9gule l\u2019humeur, stabilise la respiration, et aide le syst\u00e8me nerveux \u00e0 revenir au calme. Id\u00e9al apr\u00e8s une journ\u00e9e en tension.<\/p><h3><span>5. S\u2019auto-masser le ventre ou le visage<\/span><\/h3><p><img loading=\"lazy\" decoding=\"async\" src=\"https:\/\/audrey-paras.fr\/wp-content\/uploads\/2025\/04\/image4.png\" alt=\"\" width=\"292\" height=\"201\" class=\"size-full wp-image-2654 aligncenter\" \/><img loading=\"lazy\" decoding=\"async\" src=\"https:\/\/audrey-paras.fr\/wp-content\/uploads\/2025\/04\/Screenshot-2025-04-13-135233-211x300.png\" alt=\"\" width=\"211\" height=\"300\" class=\"wp-image-2653 size-medium aligncenter\" srcset=\"https:\/\/audrey-paras.fr\/wp-content\/uploads\/2025\/04\/Screenshot-2025-04-13-135233-211x300.png 211w, https:\/\/audrey-paras.fr\/wp-content\/uploads\/2025\/04\/Screenshot-2025-04-13-135233.png 250w\" sizes=\"(max-width: 211px) 100vw, 211px\" \/><\/p><p><span>Des gestes doux, circulaires, lents. Le ventre (deuxi\u00e8me cerveau) et le visage sont riches en terminaisons nerveuses connect\u00e9es au nerf vague.<\/span><\/p><p>\u27a1\ufe0f Ces auto-massages rel\u00e2chent le syst\u00e8me digestif, apaisent le mental et stimulent la r\u00e9gulation naturelle du stress.<\/p><h3><span>6. Allonger les jambes en l\u2019air<\/span><\/h3><p><img loading=\"lazy\" decoding=\"async\" src=\"https:\/\/audrey-paras.fr\/wp-content\/uploads\/2025\/04\/image2-235x300.png\" alt=\"\" width=\"235\" height=\"300\" class=\"alignnone size-medium wp-image-2655 aligncenter\" srcset=\"https:\/\/audrey-paras.fr\/wp-content\/uploads\/2025\/04\/image2-235x300.png 235w, https:\/\/audrey-paras.fr\/wp-content\/uploads\/2025\/04\/image2.png 445w\" sizes=\"(max-width: 235px) 100vw, 235px\" \/><\/p><p>Allongez-vous au sol, les jambes contre un mur ou pos\u00e9es sur une chaise. Laissez le dos se rel\u00e2cher. Respirez calmement.<\/p><p><span>\u27a1\ufe0f Ce geste facilite le retour veineux et active la circulation lymphatique, essentielle pour drainer les toxines g\u00e9n\u00e9r\u00e9es par le stress. Il all\u00e8ge le bas du corps, d\u00e9tend le diaphragme et offre un apaisement profond.<\/span><\/p><h2 style=\"text-align: center;\"><span lang=\"EN-US\">Les bienfaits d\u2019un syst\u00e8me nerveux r\u00e9gul\u00e9<o:p><\/o:p><\/span><\/h2><p><span>Sortir du stress chronique, ce n\u2019est pas seulement se d\u00e9tendre ponctuellement. C\u2019est restaurer une capacit\u00e9 naturelle de votre corps \u00e0 se stabiliser, \u00e0 s\u2019autor\u00e9guler, \u00e0 retrouver un \u00e9tat de s\u00e9curit\u00e9 int\u00e9rieure.<\/span><\/p><p><span>Quand le syst\u00e8me parasympathique reprend sa place, les effets sont profonds :<\/span><\/p><p><span>&#8211; Un sommeil plus r\u00e9parateur<br \/>&#8211; Moins de douleurs (migraines, tensions musculaires, troubles digestifs)<br \/>&#8211; Une digestion plus fluide<br \/>&#8211; Une concentration plus claire<br \/>&#8211; Plus de patience, de recul, de stabilit\u00e9 \u00e9motionnelle<br \/>&#8211; Une sensation d\u2019\u00eatre plus ancr\u00e9, plus vivant<\/span><\/p><h2 style=\"text-align: center;\"><span lang=\"EN-US\">Ces id\u00e9es re\u00e7ues qui entretiennent le stress<o:p><\/o:p><\/span><\/h2><p><span>Beaucoup de croyances autour du stress emp\u00eachent d\u2019en sortir. On entend souvent :<\/span><\/p><p><span>&#8211; \u201cJe travaille mieux sous pression\u201d<br \/>&#8211; \u201cJ\u2019ai pas le temps de souffler\u201d<br \/>&#8211; \u201cC\u2019est comme \u00e7a, je suis tout le temps tendu(e)\u201d<\/span><\/p><p><span>En r\u00e9alit\u00e9, un corps constamment en tension devient moins performant, plus lent, plus rigide. Le stress chronique n\u2019am\u00e9liore pas nos capacit\u00e9s : il les brouille.<\/span><\/p><p><span>Prendre quelques minutes pour r\u00e9guler son syst\u00e8me nerveux, ce n\u2019est pas perdre du temps. C\u2019est en gagner \u2014 en r\u00e9cup\u00e9ration, en lucidit\u00e9, en efficacit\u00e9 r\u00e9elle.<\/span><\/p><h2 style=\"text-align: center;\"><span lang=\"EN-US\">Le calme n\u2019est pas un luxe, c\u2019est un besoin<o:p><\/o:p><\/span><\/h2><p><span>Le calme ne devrait pas \u00eatre r\u00e9serv\u00e9 \u00e0 ceux qui ont \u201cle temps\u201d. Il ne s\u2019oppose pas \u00e0 l\u2019action. Il n\u2019est pas un luxe. C\u2019est un \u00e9tat physiologique vital, un retour \u00e0 la base.<\/span><\/p><p><span>Cultiver ce calme int\u00e9rieur, c\u2019est cr\u00e9er un espace en soi o\u00f9 l\u2019on peut revenir. Un endroit stable, o\u00f9 la vie n\u2019est plus juste une r\u00e9action en cha\u00eene, mais un terrain de choix, de pr\u00e9sence, et d\u2019\u00e9quilibre.<\/span><\/p><p><span>\ud83c\udf3f Le stress n\u2019est pas une fatalit\u00e9. Le calme peut devenir une pratique quotidienne. Un geste \u00e0 la fois.<\/span><\/p><p><\/p><p>Pour des techniques personnalis\u00e9es d\u2019\u00e9quilibrage \u00e9nerg\u00e9tique et de relaxation profonde, envisagez de consulter un <a href=\"https:\/\/audrey-paras.fr\/\">kin\u00e9siologue \u00e0 Anglet.<\/a><\/p>\t\t\t\t\t\t\t\t<\/div>\n\t\t\t\t<\/div>\n\t\t\t\t\t<\/div>\n\t\t<\/div>\n\t\t\t\t\t<\/div>\n\t\t<\/section>\n\t\t\t\t<\/div>\n\t\t","protected":false},"excerpt":{"rendered":"<p>Sortir du stress, un geste \u00e0 la fois Quand le stress s\u2019installe, on finit par ne plus voir la vie qu\u2019en noir et blanc. Tout devient m\u00e9canique, oppressant, sans pause. Et dans cette course sans fin, on oublie qu\u2019on a le droit de ralentir, de respirer, et d&rsquo;exister autrement. Cet<\/p>\n","protected":false},"author":37,"featured_media":2652,"comment_status":"closed","ping_status":"open","sticky":false,"template":"","format":"standard","meta":{"footnotes":""},"categories":[1],"tags":[],"class_list":["post-2648","post","type-post","status-publish","format-standard","has-post-thumbnail","hentry","category-par-defaut"],"aioseo_notices":[],"_links":{"self":[{"href":"https:\/\/audrey-paras.fr\/nov-apijson\/wp\/v2\/posts\/2648","targetHints":{"allow":["GET"]}}],"collection":[{"href":"https:\/\/audrey-paras.fr\/nov-apijson\/wp\/v2\/posts"}],"about":[{"href":"https:\/\/audrey-paras.fr\/nov-apijson\/wp\/v2\/types\/post"}],"author":[{"embeddable":true,"href":"https:\/\/audrey-paras.fr\/nov-apijson\/wp\/v2\/users\/37"}],"replies":[{"embeddable":true,"href":"https:\/\/audrey-paras.fr\/nov-apijson\/wp\/v2\/comments?post=2648"}],"version-history":[{"count":5,"href":"https:\/\/audrey-paras.fr\/nov-apijson\/wp\/v2\/posts\/2648\/revisions"}],"predecessor-version":[{"id":2791,"href":"https:\/\/audrey-paras.fr\/nov-apijson\/wp\/v2\/posts\/2648\/revisions\/2791"}],"wp:featuredmedia":[{"embeddable":true,"href":"https:\/\/audrey-paras.fr\/nov-apijson\/wp\/v2\/media\/2652"}],"wp:attachment":[{"href":"https:\/\/audrey-paras.fr\/nov-apijson\/wp\/v2\/media?parent=2648"}],"wp:term":[{"taxonomy":"category","embeddable":true,"href":"https:\/\/audrey-paras.fr\/nov-apijson\/wp\/v2\/categories?post=2648"},{"taxonomy":"post_tag","embeddable":true,"href":"https:\/\/audrey-paras.fr\/nov-apijson\/wp\/v2\/tags?post=2648"}],"curies":[{"name":"wp","href":"https:\/\/api.w.org\/{rel}","templated":true}]}}