{"id":2566,"date":"2025-03-16T09:28:23","date_gmt":"2025-03-16T08:28:23","guid":{"rendered":"https:\/\/audrey-paras.fr\/?p=2566"},"modified":"2025-05-30T11:07:51","modified_gmt":"2025-05-30T09:07:51","slug":"quand-votre-cerveau-veut-vous-proteger-et-si-on-laidait-autrement","status":"publish","type":"post","link":"https:\/\/audrey-paras.fr\/2025\/03\/16\/quand-votre-cerveau-veut-vous-proteger-et-si-on-laidait-autrement\/","title":{"rendered":"Quand votre cerveau veut vous prot\u00e9ger\u2026 et si on l\u2019aidait autrement ?"},"content":{"rendered":"\t\t<div data-elementor-type=\"wp-post\" data-elementor-id=\"2566\" class=\"elementor elementor-2566\" data-elementor-post-type=\"post\">\n\t\t\t\t\t\t<section class=\"elementor-section elementor-top-section elementor-element elementor-element-c62725a elementor-section-boxed elementor-section-height-default elementor-section-height-default wpr-particle-no wpr-jarallax-no wpr-parallax-no wpr-sticky-section-no wpr-equal-height-no\" data-id=\"c62725a\" data-element_type=\"section\" data-e-type=\"section\">\n\t\t\t\t\t\t<div class=\"elementor-container elementor-column-gap-default\">\n\t\t\t\t\t<div class=\"elementor-column elementor-col-100 elementor-top-column elementor-element elementor-element-671163b5\" data-id=\"671163b5\" data-element_type=\"column\" data-e-type=\"column\">\n\t\t\t<div class=\"elementor-widget-wrap elementor-element-populated\">\n\t\t\t\t\t\t<div class=\"elementor-element elementor-element-583d8542 elementor-widget elementor-widget-text-editor\" data-id=\"583d8542\" data-element_type=\"widget\" data-e-type=\"widget\" data-widget_type=\"text-editor.default\">\n\t\t\t\t<div class=\"elementor-widget-container\">\n\t\t\t\t\t\t\t\t\t<p data-pm-slice=\"1 1 []\"><span><strong>Quand votre cerveau veut vous prot\u00e9ger\u2026 et si on l\u2019aidait autrement ?<\/strong><\/span><\/p><p><span>\ud83d\udcad <\/span><span><strong>Vous est-il d\u00e9j\u00e0 arriv\u00e9 de r\u00e9agir de mani\u00e8re excessive, puis de regretter apr\u00e8s coup ?<\/strong><\/span><span> De vous demander pourquoi certaines situations d\u00e9clenchent en vous une col\u00e8re, une peur ou un blocage incontr\u00f4l\u00e9 ? Ce n\u2019est pas un manque de contr\u00f4le de votre part, mais un <\/span><span><strong>m\u00e9canisme archa\u00efque de protection<\/strong><\/span><span> qui s\u2019active automatiquement.<\/span><\/p><p><span>Notre cerveau est con\u00e7u pour assurer notre survie. Il est dot\u00e9 de m\u00e9canismes puissants qui nous permettent de r\u00e9agir face au danger. Mais que se passe-t-il lorsque ces r\u00e9actions deviennent automatiques et inadapt\u00e9es \u00e0 notre bien-\u00eatre ? Pourquoi avons-nous parfois des comportements qui, apr\u00e8s coup, nous semblent excessifs ou contre-productifs ?<\/span><\/p><p><span>La r\u00e9ponse se trouve dans la structure m\u00eame de notre cerveau, et plus particuli\u00e8rement dans <\/span><span><strong>l\u2019interaction entre le cerveau limbique et le cerveau reptilien<\/strong><\/span><span>.<\/span><\/p><h3><span>1. Le r\u00f4le du cerveau limbique et reptilien face au stress<\/span><\/h3><p><span>Notre cerveau est constitu\u00e9 de plusieurs parties qui interagissent pour traiter l\u2019information et g\u00e9n\u00e9rer des r\u00e9ponses adapt\u00e9es :<\/span><\/p><p><span>\ud83d\udd39 <\/span><span><strong>Le syst\u00e8me limbique<\/strong><\/span><span> : il agit comme un <\/span><span><strong>centre d\u2019alerte \u00e9motionnel<\/strong><\/span><span>. Lorsqu\u2019il per\u00e7oit une menace (r\u00e9elle ou per\u00e7ue), il d\u00e9clenche une alarme via <\/span><span><strong>l\u2019amygdale<\/strong><\/span><span>, une structure cl\u00e9 dans la gestion des \u00e9motions et du stress. L\u2019amygdale transmet alors l\u2019information \u00e0 l\u2019hypothalamus, qui active le <\/span><span><strong>syst\u00e8me nerveux autonome<\/strong><\/span><span> (responsable des r\u00e9actions de lutte, de fuite ou de sid\u00e9ration).<\/span><\/p><p><span>\ud83d\udd39 <\/span><span><strong>Le cerveau reptilien<\/strong><\/span><span> : une fois l\u2019alerte donn\u00e9e, ce cerveau primitif <\/span><span><strong>prend le relais<\/strong><\/span><span> et ex\u00e9cute une r\u00e9ponse automatique bas\u00e9e sur nos exp\u00e9riences pass\u00e9es et nos r\u00e9flexes archa\u00efques. Son objectif est simple : nous prot\u00e9ger \u00e0 tout prix. Mais parfois, il applique des sch\u00e9mas qui ne sont plus adapt\u00e9s \u00e0 notre r\u00e9alit\u00e9 actuelle.<\/span><\/p><p><span>Par exemple :<\/span><\/p><ul data-spread=\"false\"><li><span>Face \u00e0 une situation de non-respect, une personne ayant toujours d\u00fb se d\u00e9fendre peut <\/span><span><strong>r\u00e9agir avec col\u00e8re et agressivit\u00e9<\/strong><\/span><span> pour prot\u00e9ger son ego, m\u00eame si la situation ne repr\u00e9sente pas une menace r\u00e9elle.<\/span><\/li><li><span>Un individu ayant v\u00e9cu des exp\u00e9riences de rejet peut <\/span><span><strong>se fermer ou \u00e9viter la confrontation<\/strong><\/span><span>, m\u00eame si exprimer ses besoins serait une meilleure r\u00e9ponse.<\/span><\/li><\/ul><p><span>Le <\/span><span><strong>probl\u00e8me<\/strong><\/span><span> ? Ces r\u00e9actions nous prot\u00e8gent <\/span><span><strong>sur le moment<\/strong><\/span><span>, mais nous desservent <\/span><span><strong>sur le long terme<\/strong><\/span><span>, cr\u00e9ant des sch\u00e9mas de stress r\u00e9p\u00e9t\u00e9s et des blocages \u00e9motionnels et physiques.<\/span><\/p><h3><span>2. Comment la kin\u00e9siologie peut r\u00e9\u00e9quilibrer ces r\u00e9ponses ?<\/span><\/h3><p><span>Notre cerveau reptilien agit <\/span><span><strong>comme il peut<\/strong><\/span><span> avec les informations qu\u2019il poss\u00e8de. Mais il est possible de l\u2019aider \u00e0 mieux interpr\u00e9ter les signaux de stress et \u00e0 adopter des r\u00e9ponses plus adapt\u00e9es \u00e0 notre bien-\u00eatre profond.<\/span><\/p><p><span>\u2728 <\/span><span><strong>Identifier la source du stress<\/strong><\/span><span> La kin\u00e9siologie permet de d\u00e9tecter <\/span><span><strong>les empreintes \u00e9motionnelles<\/strong><\/span><span> et les m\u00e9moires corporelles qui influencent nos r\u00e9actions. Gr\u00e2ce \u00e0 des tests musculaires pr\u00e9cis, elle met en lumi\u00e8re <\/span><span><strong>ce qui d\u00e9clenche une r\u00e9action excessive<\/strong><\/span><span> et comment le corps enregistre ce stress.<\/span><\/p><p><span>\u2728 <\/span><span><strong>R\u00e9tablir une r\u00e9ponse plus juste<\/strong><\/span><span> Une fois la cause identifi\u00e9e, la kin\u00e9siologie propose des techniques pour <\/span><span><strong>aider le cerveau \u00e0 adopter des r\u00e9ponses plus adapt\u00e9es et apaisantes<\/strong><\/span><span>. En activant des points sp\u00e9cifiques et en utilisant des protocoles d\u2019harmonisation, elle permet au corps de se lib\u00e9rer des sch\u00e9mas de stress du pass\u00e9.<\/span><\/p><h3><span>3. Quels b\u00e9n\u00e9fices attendre d\u2019un travail sur ces r\u00e9actions archa\u00efques ?<\/span><\/h3><p><span>\u2705 Une <\/span><span><strong>meilleure gestion des \u00e9motions<\/strong><\/span><span>, sans \u00eatre submerg\u00e9 par des r\u00e9actions incontr\u00f4l\u00e9es. <\/span><\/p><p><span>\u2705 Une capacit\u00e9 accrue \u00e0 <\/span><span><strong>prendre du recul<\/strong><\/span><span> face aux situations stressantes. <\/span><\/p><p><span>\u2705 Une <\/span><span><strong>r\u00e9duction du stress chronique<\/strong><\/span><span> et de ses effets n\u00e9gatifs sur le corps. <\/span><\/p><p><span>\u2705 Un retour \u00e0 une <\/span><span><strong>r\u00e9action plus sereine et adapt\u00e9e<\/strong><\/span><span>, en phase avec notre bien-\u00eatre profond. <\/span><\/p><p><span>\u2705 Une sensation de <\/span><span><strong>l\u00e9g\u00e8ret\u00e9 et d\u2019apaisement<\/strong><\/span><span>, en laissant derri\u00e8re soi des sch\u00e9mas r\u00e9p\u00e9titifs de stress.<\/span><\/p><p><span>\ud83c\udf3f <\/span><span><strong>Votre cerveau cherche \u00e0 vous prot\u00e9ger, mais il peut \u00eatre r\u00e9\u00e9duqu\u00e9 pour mieux vous servir. Gr\u00e2ce \u00e0 la kin\u00e9siologie, nous pouvons r\u00e9apprendre \u00e0 r\u00e9agir d\u2019une mani\u00e8re plus align\u00e9e avec notre v\u00e9ritable besoin : l\u2019apaisement et l\u2019\u00e9quilibre.<\/strong><\/span><\/p><p><span>\ud83d\udca1 <\/span><span><strong>Vous sentez que certaines r\u00e9actions vous \u00e9chappent ? Vous aimeriez retrouver plus de s\u00e9r\u00e9nit\u00e9 et de contr\u00f4le dans votre vie ?<\/strong><\/span><span> Prenons le temps d\u2019explorer ensemble ces m\u00e9canismes pour vous lib\u00e9rer de ces automatismes stressants.<\/span><\/p><p>Vous recherchez un <a href=\"https:\/\/audrey-paras.fr\/\">kin\u00e9siologue \u00e0 Anglet<\/a> ou dans les alentours ?<\/p><p><span>\ud83d\udcc5 <\/span><span><strong>Prenez rendez-vous d\u00e8s maintenant ici : [<a href=\"https:\/\/www.planity.com\/audrey-paras-massotherapeute-kinesiologue-64600-anglet\">Lien vers votre agenda<\/a>]<\/strong><\/span><\/p>\t\t\t\t\t\t\t\t<\/div>\n\t\t\t\t<\/div>\n\t\t\t\t\t<\/div>\n\t\t<\/div>\n\t\t\t\t\t<\/div>\n\t\t<\/section>\n\t\t\t\t<\/div>\n\t\t","protected":false},"excerpt":{"rendered":"<p>Quand votre cerveau veut vous prot\u00e9ger\u2026 et si on l\u2019aidait autrement ? \ud83d\udcad Vous est-il d\u00e9j\u00e0 arriv\u00e9 de r\u00e9agir de mani\u00e8re excessive, puis de regretter apr\u00e8s coup ? De vous demander pourquoi certaines situations d\u00e9clenchent en vous une col\u00e8re, une peur ou un blocage incontr\u00f4l\u00e9 ? Ce n\u2019est pas un<\/p>\n","protected":false},"author":37,"featured_media":2657,"comment_status":"closed","ping_status":"open","sticky":false,"template":"","format":"standard","meta":{"footnotes":""},"categories":[1],"tags":[],"class_list":["post-2566","post","type-post","status-publish","format-standard","has-post-thumbnail","hentry","category-par-defaut"],"aioseo_notices":[],"_links":{"self":[{"href":"https:\/\/audrey-paras.fr\/nov-apijson\/wp\/v2\/posts\/2566","targetHints":{"allow":["GET"]}}],"collection":[{"href":"https:\/\/audrey-paras.fr\/nov-apijson\/wp\/v2\/posts"}],"about":[{"href":"https:\/\/audrey-paras.fr\/nov-apijson\/wp\/v2\/types\/post"}],"author":[{"embeddable":true,"href":"https:\/\/audrey-paras.fr\/nov-apijson\/wp\/v2\/users\/37"}],"replies":[{"embeddable":true,"href":"https:\/\/audrey-paras.fr\/nov-apijson\/wp\/v2\/comments?post=2566"}],"version-history":[{"count":13,"href":"https:\/\/audrey-paras.fr\/nov-apijson\/wp\/v2\/posts\/2566\/revisions"}],"predecessor-version":[{"id":2812,"href":"https:\/\/audrey-paras.fr\/nov-apijson\/wp\/v2\/posts\/2566\/revisions\/2812"}],"wp:featuredmedia":[{"embeddable":true,"href":"https:\/\/audrey-paras.fr\/nov-apijson\/wp\/v2\/media\/2657"}],"wp:attachment":[{"href":"https:\/\/audrey-paras.fr\/nov-apijson\/wp\/v2\/media?parent=2566"}],"wp:term":[{"taxonomy":"category","embeddable":true,"href":"https:\/\/audrey-paras.fr\/nov-apijson\/wp\/v2\/categories?post=2566"},{"taxonomy":"post_tag","embeddable":true,"href":"https:\/\/audrey-paras.fr\/nov-apijson\/wp\/v2\/tags?post=2566"}],"curies":[{"name":"wp","href":"https:\/\/api.w.org\/{rel}","templated":true}]}}